{"id":7171,"date":"2025-06-07T18:32:25","date_gmt":"2025-06-07T21:32:25","guid":{"rendered":"https:\/\/calinense.com.br\/NOVOSITE\/?p=7171"},"modified":"2025-06-07T18:32:25","modified_gmt":"2025-06-07T21:32:25","slug":"linense-realiza-jogo-treino-em-ribeirao-preto","status":"publish","type":"post","link":"https:\/\/calinense.com.br\/NOVOSITE\/linense-realiza-jogo-treino-em-ribeirao-preto\/","title":{"rendered":"Linense, realiza jogo treino em Ribeir\u00e3o Preto!"},"content":{"rendered":"<p>Linense realizou um jogo treino diante do Comercial em Ribeir\u00e3o Preto em um jogo que todos os atletas participaram, com boa movimenta\u00e7\u00e3o, posicionamento e marca\u00e7\u00e3o por parte do elefante, o treino acabou com o placar zerado.<\/p>\n<p>Por ser o primeiro jogo treino, vale a pena deixar registrado o posicionamento defensivo, o jogo compacto um pr\u00f3ximo do outro sem correr risco, inclusive os que chegaram agora entenderam a forma que o nosso time deve atuar no decorrer do campeonato com o que \u00e9 proposto o modelo de jogo pelo t\u00e9cnico Alberto Felix.<\/p>\n<p>&#8220;\u2014 O resultado \u00e9 que menos importa, todos movimentaram, iniciamos com o time que vem treinando e depois trocou, com todos os atletas dispon\u00edvel treinando e tira um pouco essa preocupa\u00e7\u00e3o por parte de jogo, j\u00e1 que treinamos e vamos para o jogo de sexta, aos poucos vamos pegando conjunto e se conhecendo melhor.&#8221;- finaliza Fernando Leite (gerente de futebol).<\/p>\n<p>Avante Linense, Avante!<br \/>\nJuntos Somos Mais Fortes.<\/p>\n","protected":false},"excerpt":{"rendered":"<p>Linense realizou um jogo treino diante do Comercial em Ribeir\u00e3o Preto em um jogo que todos os atletas participaram, com boa movimenta\u00e7\u00e3o, posicionamento e marca\u00e7\u00e3o por parte do elefante, o treino acabou com o placar zerado. Por ser o primeiro jogo treino, vale a pena deixar registrado o posicionamento defensivo, o jogo compacto um pr\u00f3ximo do outro sem correr risco, inclusive os que chegaram agora entenderam a forma que o nosso time deve atuar no decorrer do campeonato com o que \u00e9 proposto o modelo de jogo pelo t\u00e9cnico Alberto Felix. &#8220;\u2014 O resultado \u00e9 que menos importa, todos movimentaram, iniciamos com o time que vem treinando e depois trocou, com todos os atletas dispon\u00edvel treinando e tira um pouco essa preocupa\u00e7\u00e3o por parte de jogo, j\u00e1 que treinamos e vamos para o jogo de sexta, aos poucos vamos pegando conjunto e se conhecendo melhor.&#8221;- finaliza Fernando Leite (gerente de futebol). Avante Linense, Avante! Juntos Somos Mais Fortes.<\/p>\n","protected":false},"author":1,"featured_media":7173,"comment_status":"open","ping_status":"open","sticky":false,"template":"","format":"standard","meta":{"footnotes":""},"categories":[1],"tags":[],"class_list":["post-7171","post","type-post","status-publish","format-standard","has-post-thumbnail","hentry","category-profissional"],"_links":{"self":[{"href":"https:\/\/calinense.com.br\/NOVOSITE\/wp-json\/wp\/v2\/posts\/7171","targetHints":{"allow":["GET"]}}],"collection":[{"href":"https:\/\/calinense.com.br\/NOVOSITE\/wp-json\/wp\/v2\/posts"}],"about":[{"href":"https:\/\/calinense.com.br\/NOVOSITE\/wp-json\/wp\/v2\/types\/post"}],"author":[{"embeddable":true,"href":"https:\/\/calinense.com.br\/NOVOSITE\/wp-json\/wp\/v2\/users\/1"}],"replies":[{"embeddable":true,"href":"https:\/\/calinense.com.br\/NOVOSITE\/wp-json\/wp\/v2\/comments?post=7171"}],"version-history":[{"count":1,"href":"https:\/\/calinense.com.br\/NOVOSITE\/wp-json\/wp\/v2\/posts\/7171\/revisions"}],"predecessor-version":[{"id":7174,"href":"https:\/\/calinense.com.br\/NOVOSITE\/wp-json\/wp\/v2\/posts\/7171\/revisions\/7174"}],"wp:featuredmedia":[{"embeddable":true,"href":"https:\/\/calinense.com.br\/NOVOSITE\/wp-json\/wp\/v2\/media\/7173"}],"wp:attachment":[{"href":"https:\/\/calinense.com.br\/NOVOSITE\/wp-json\/wp\/v2\/media?parent=7171"}],"wp:term":[{"taxonomy":"category","embeddable":true,"href":"https:\/\/calinense.com.br\/NOVOSITE\/wp-json\/wp\/v2\/categories?post=7171"},{"taxonomy":"post_tag","embeddable":true,"href":"https:\/\/calinense.com.br\/NOVOSITE\/wp-json\/wp\/v2\/tags?post=7171"}],"curies":[{"name":"wp","href":"https:\/\/api.w.org\/{rel}","templated":true}]}}