{"id":7316,"date":"2025-06-08T17:29:35","date_gmt":"2025-06-08T20:29:35","guid":{"rendered":"https:\/\/calinense.com.br\/NOVOSITE\/?p=7316"},"modified":"2025-06-08T17:29:35","modified_gmt":"2025-06-08T20:29:35","slug":"base-linense-sub-11-e-sub-12-entraram-em-campo-neste-domingo","status":"publish","type":"post","link":"https:\/\/calinense.com.br\/NOVOSITE\/base-linense-sub-11-e-sub-12-entraram-em-campo-neste-domingo\/","title":{"rendered":"Base: Linense Sub-11 e Sub-12 entraram em campo neste domingo."},"content":{"rendered":"<p>Os meninos do Sub-11, entraram em campo nesta tarde de domingo e venceram a equipe do Mar\u00edlia pelo placar de 1 a 0.<br \/>\nNa disputa do ponto extra, a garotada tamb\u00e9m saiu vencedor na disputa dos p\u00eanaltis.<\/p>\n<p>J\u00e1 o sub-12, os meninos foram surpreendidos e acabaram perdendo pelo placar de 4 a 1.<br \/>\nNa disputa do ponto extra, vit\u00f3ria atleticana nos p\u00eanaltis.<\/p>\n<p>Avante Linense, Avante!<br \/>\nJuntos Somos Mais Fortes.<br \/>\nBase Forte, Linense Forte!<\/p>\n<p>Foto: Alexandre Vicente\/ @artxsports_<\/p>\n","protected":false},"excerpt":{"rendered":"<p>Os meninos do Sub-11, entraram em campo nesta tarde de domingo e venceram a equipe do Mar\u00edlia pelo placar de 1 a 0. Na disputa do ponto extra, a garotada tamb\u00e9m saiu vencedor na disputa dos p\u00eanaltis. J\u00e1 o sub-12, os meninos foram surpreendidos e acabaram perdendo pelo placar de 4 a 1. Na disputa do ponto extra, vit\u00f3ria atleticana nos p\u00eanaltis. Avante Linense, Avante! Juntos Somos Mais Fortes. Base Forte, Linense Forte! Foto: Alexandre Vicente\/ @artxsports_<\/p>\n","protected":false},"author":1,"featured_media":7317,"comment_status":"open","ping_status":"open","sticky":false,"template":"","format":"standard","meta":{"footnotes":""},"categories":[54],"tags":[],"class_list":["post-7316","post","type-post","status-publish","format-standard","has-post-thumbnail","hentry","category-base"],"_links":{"self":[{"href":"https:\/\/calinense.com.br\/NOVOSITE\/wp-json\/wp\/v2\/posts\/7316","targetHints":{"allow":["GET"]}}],"collection":[{"href":"https:\/\/calinense.com.br\/NOVOSITE\/wp-json\/wp\/v2\/posts"}],"about":[{"href":"https:\/\/calinense.com.br\/NOVOSITE\/wp-json\/wp\/v2\/types\/post"}],"author":[{"embeddable":true,"href":"https:\/\/calinense.com.br\/NOVOSITE\/wp-json\/wp\/v2\/users\/1"}],"replies":[{"embeddable":true,"href":"https:\/\/calinense.com.br\/NOVOSITE\/wp-json\/wp\/v2\/comments?post=7316"}],"version-history":[{"count":1,"href":"https:\/\/calinense.com.br\/NOVOSITE\/wp-json\/wp\/v2\/posts\/7316\/revisions"}],"predecessor-version":[{"id":7319,"href":"https:\/\/calinense.com.br\/NOVOSITE\/wp-json\/wp\/v2\/posts\/7316\/revisions\/7319"}],"wp:featuredmedia":[{"embeddable":true,"href":"https:\/\/calinense.com.br\/NOVOSITE\/wp-json\/wp\/v2\/media\/7317"}],"wp:attachment":[{"href":"https:\/\/calinense.com.br\/NOVOSITE\/wp-json\/wp\/v2\/media?parent=7316"}],"wp:term":[{"taxonomy":"category","embeddable":true,"href":"https:\/\/calinense.com.br\/NOVOSITE\/wp-json\/wp\/v2\/categories?post=7316"},{"taxonomy":"post_tag","embeddable":true,"href":"https:\/\/calinense.com.br\/NOVOSITE\/wp-json\/wp\/v2\/tags?post=7316"}],"curies":[{"name":"wp","href":"https:\/\/api.w.org\/{rel}","templated":true}]}}