{"id":7322,"date":"2025-06-12T21:47:45","date_gmt":"2025-06-13T00:47:45","guid":{"rendered":"https:\/\/calinense.com.br\/NOVOSITE\/?p=7322"},"modified":"2025-06-12T21:47:45","modified_gmt":"2025-06-13T00:47:45","slug":"base-no-derbi-regional-deu-empate","status":"publish","type":"post","link":"https:\/\/calinense.com.br\/NOVOSITE\/base-no-derbi-regional-deu-empate\/","title":{"rendered":"Base: No derbi regional, deu empate!"},"content":{"rendered":"<p>No Gilbert\u00e3o, o sub-20 do Linense entrou em campo nesta fria noite de quinta-feira (12\/06), para jogar o d\u00e9rbi regional diante do Penapolense e o jogo terminou empatado por 2 a 2.<\/p>\n<p>Os visitantes sa\u00edram na frente com dois gols de vantagens, mas o elefante foi para cima e empatou o jogo, tendo chances de ate virar a partida, mas acabou com o placar em dois a dois, al\u00e9m da fria noite que estava no Gilbert\u00e3o e da garra dos garotos atleticano, o destaque vai para o goleiro Bizzon do Linense que defendeu um p\u00eanalti.<\/p>\n<p>Com o resultado o Linense, segue na terceira coloca\u00e7\u00e3o do seu grupo e agora volta a campo no pr\u00f3ximo dia 19\/06 na cidade de Santa Cruz do Rio Pardo, quando visita a Santacruzense.<\/p>\n<div class=\"x14z9mp xat24cr x1lziwak x1vvkbs xtlvy1s x126k92a\">\n<div dir=\"auto\">Avante Linense, Avante!<\/div>\n<div dir=\"auto\">Juntos Somos Mais Fortes.<\/div>\n<div dir=\"auto\">Base Forte, Linense Forte!<\/div>\n<div dir=\"auto\"><\/div>\n<\/div>\n<div class=\"x14z9mp xat24cr x1lziwak x1vvkbs xtlvy1s x126k92a\">\n<div dir=\"auto\">Foto: Alexandre Vicente\/ @artxsports_<\/div>\n<\/div>\n","protected":false},"excerpt":{"rendered":"<p>No Gilbert\u00e3o, o sub-20 do Linense entrou em campo nesta fria noite de quinta-feira (12\/06), para jogar o d\u00e9rbi regional diante do Penapolense e o jogo terminou empatado por 2 a 2. Os visitantes sa\u00edram na frente com dois gols de vantagens, mas o elefante foi para cima e empatou o jogo, tendo chances de ate virar a partida, mas acabou com o placar em dois a dois, al\u00e9m da fria noite que estava no Gilbert\u00e3o e da garra dos garotos atleticano, o destaque vai para o goleiro Bizzon do Linense que defendeu um p\u00eanalti. Com o resultado o Linense, segue na terceira coloca\u00e7\u00e3o do seu grupo e agora volta a campo no pr\u00f3ximo dia 19\/06 na cidade de Santa Cruz do Rio Pardo, quando visita a Santacruzense. Avante Linense, Avante! Juntos Somos Mais Fortes. Base Forte, Linense Forte! Foto: Alexandre Vicente\/ @artxsports_<\/p>\n","protected":false},"author":1,"featured_media":7323,"comment_status":"open","ping_status":"open","sticky":false,"template":"","format":"standard","meta":{"footnotes":""},"categories":[54],"tags":[],"class_list":["post-7322","post","type-post","status-publish","format-standard","has-post-thumbnail","hentry","category-base"],"_links":{"self":[{"href":"https:\/\/calinense.com.br\/NOVOSITE\/wp-json\/wp\/v2\/posts\/7322","targetHints":{"allow":["GET"]}}],"collection":[{"href":"https:\/\/calinense.com.br\/NOVOSITE\/wp-json\/wp\/v2\/posts"}],"about":[{"href":"https:\/\/calinense.com.br\/NOVOSITE\/wp-json\/wp\/v2\/types\/post"}],"author":[{"embeddable":true,"href":"https:\/\/calinense.com.br\/NOVOSITE\/wp-json\/wp\/v2\/users\/1"}],"replies":[{"embeddable":true,"href":"https:\/\/calinense.com.br\/NOVOSITE\/wp-json\/wp\/v2\/comments?post=7322"}],"version-history":[{"count":1,"href":"https:\/\/calinense.com.br\/NOVOSITE\/wp-json\/wp\/v2\/posts\/7322\/revisions"}],"predecessor-version":[{"id":7324,"href":"https:\/\/calinense.com.br\/NOVOSITE\/wp-json\/wp\/v2\/posts\/7322\/revisions\/7324"}],"wp:featuredmedia":[{"embeddable":true,"href":"https:\/\/calinense.com.br\/NOVOSITE\/wp-json\/wp\/v2\/media\/7323"}],"wp:attachment":[{"href":"https:\/\/calinense.com.br\/NOVOSITE\/wp-json\/wp\/v2\/media?parent=7322"}],"wp:term":[{"taxonomy":"category","embeddable":true,"href":"https:\/\/calinense.com.br\/NOVOSITE\/wp-json\/wp\/v2\/categories?post=7322"},{"taxonomy":"post_tag","embeddable":true,"href":"https:\/\/calinense.com.br\/NOVOSITE\/wp-json\/wp\/v2\/tags?post=7322"}],"curies":[{"name":"wp","href":"https:\/\/api.w.org\/{rel}","templated":true}]}}