{"id":7325,"date":"2025-06-12T10:48:04","date_gmt":"2025-06-12T13:48:04","guid":{"rendered":"https:\/\/calinense.com.br\/NOVOSITE\/?p=7325"},"modified":"2025-06-12T21:51:09","modified_gmt":"2025-06-13T00:51:09","slug":"parabens-clube-atletico-linense-pelos-seus-98-anos-de-historia","status":"publish","type":"post","link":"https:\/\/calinense.com.br\/NOVOSITE\/parabens-clube-atletico-linense-pelos-seus-98-anos-de-historia\/","title":{"rendered":"Parab\u00e9ns, Clube Atl\u00e9tico Linense, pelos seus 98 anos de hist\u00f3ria!"},"content":{"rendered":"<div class=\"xdj266r x14z9mp xat24cr x1lziwak x1vvkbs x126k92a\">\n<div dir=\"auto\">\n<p>Hoje, celebramos com orgulho e emo\u00e7\u00e3o os 98 anos do Clube Atl\u00e9tico Linense, uma institui\u00e7\u00e3o que transcende o esporte e representa a alma e o cora\u00e7\u00e3o da cidade de Lins.<\/p>\n<\/div>\n<\/div>\n<div class=\"x14z9mp xat24cr x1lziwak x1vvkbs xtlvy1s x126k92a\">\n<div dir=\"auto\">\n<p>Fundado em 12 de junho de 1927, o Linense construiu uma trajet\u00f3ria marcada por conquistas, supera\u00e7\u00f5es e, acima de tudo, por uma torcida apaixonada que nunca deixou de acreditar. O Elefante da Noroeste \u00e9 muito mais do que um clube \u2014 \u00e9 um s\u00edmbolo de tradi\u00e7\u00e3o, for\u00e7a e identidade regional.<\/p>\n<\/div>\n<\/div>\n<div class=\"x14z9mp xat24cr x1lziwak x1vvkbs xtlvy1s x126k92a\">\n<div dir=\"auto\">\n<p>Ao longo dessas quase dez d\u00e9cadas, o Linense revelou talentos, promoveu momentos inesquec\u00edveis e se firmou como um dos clubes mais queridos do interior paulista. Das batalhas em campo \u00e0 uni\u00e3o fora dele, cada cap\u00edtulo dessa hist\u00f3ria foi escrito com suor, ra\u00e7a e amor pelo manto alvirrubro.<\/p>\n<\/div>\n<\/div>\n<div class=\"x14z9mp xat24cr x1lziwak x1vvkbs xtlvy1s x126k92a\">\n<div dir=\"auto\">Que este anivers\u00e1rio seja um tributo ao passado glorioso, uma celebra\u00e7\u00e3o do presente vibrante e uma inspira\u00e7\u00e3o para o futuro.<br \/>\nQue venham os 100 anos com ainda mais for\u00e7a, uni\u00e3o e conquistas!<\/div>\n<\/div>\n<div class=\"x14z9mp xat24cr x1lziwak x1vvkbs xtlvy1s x126k92a\">\n<div dir=\"auto\">\n<p>Viva o Linense! Viva o Elefante da Noroeste!<\/p>\n<\/div>\n<\/div>\n<div class=\"x14z9mp xat24cr x1lziwak x1vvkbs xtlvy1s x126k92a\">\n<div dir=\"auto\">Parab\u00e9ns pelos 98 anos!<\/div>\n<div dir=\"auto\"><\/div>\n<\/div>\n","protected":false},"excerpt":{"rendered":"<p>Hoje, celebramos com orgulho e emo\u00e7\u00e3o os 98 anos do Clube Atl\u00e9tico Linense, uma institui\u00e7\u00e3o que transcende o esporte e representa a alma e o cora\u00e7\u00e3o da cidade de Lins. Fundado em 12 de junho de 1927, o Linense construiu uma trajet\u00f3ria marcada por conquistas, supera\u00e7\u00f5es e, acima de tudo, por uma torcida apaixonada que nunca deixou de acreditar. O Elefante da Noroeste \u00e9 muito mais do que um clube \u2014 \u00e9 um s\u00edmbolo de tradi\u00e7\u00e3o, for\u00e7a e identidade regional. Ao longo dessas quase dez d\u00e9cadas, o Linense revelou talentos, promoveu momentos inesquec\u00edveis e se firmou como um dos clubes mais queridos do interior paulista. Das batalhas em campo \u00e0 uni\u00e3o fora dele, cada cap\u00edtulo dessa hist\u00f3ria foi escrito com suor, ra\u00e7a e amor pelo manto alvirrubro. Que este anivers\u00e1rio seja um tributo ao passado glorioso, uma celebra\u00e7\u00e3o do presente vibrante e uma inspira\u00e7\u00e3o para o futuro. Que venham os 100 anos com ainda mais for\u00e7a, uni\u00e3o e conquistas! Viva o Linense! Viva o Elefante da Noroeste! Parab\u00e9ns pelos 98 anos!<\/p>\n","protected":false},"author":1,"featured_media":7326,"comment_status":"open","ping_status":"open","sticky":false,"template":"","format":"standard","meta":{"footnotes":""},"categories":[105,9],"tags":[],"class_list":["post-7325","post","type-post","status-publish","format-standard","has-post-thumbnail","hentry","category-infraestrutura","category-marketing"],"_links":{"self":[{"href":"https:\/\/calinense.com.br\/NOVOSITE\/wp-json\/wp\/v2\/posts\/7325","targetHints":{"allow":["GET"]}}],"collection":[{"href":"https:\/\/calinense.com.br\/NOVOSITE\/wp-json\/wp\/v2\/posts"}],"about":[{"href":"https:\/\/calinense.com.br\/NOVOSITE\/wp-json\/wp\/v2\/types\/post"}],"author":[{"embeddable":true,"href":"https:\/\/calinense.com.br\/NOVOSITE\/wp-json\/wp\/v2\/users\/1"}],"replies":[{"embeddable":true,"href":"https:\/\/calinense.com.br\/NOVOSITE\/wp-json\/wp\/v2\/comments?post=7325"}],"version-history":[{"count":2,"href":"https:\/\/calinense.com.br\/NOVOSITE\/wp-json\/wp\/v2\/posts\/7325\/revisions"}],"predecessor-version":[{"id":7328,"href":"https:\/\/calinense.com.br\/NOVOSITE\/wp-json\/wp\/v2\/posts\/7325\/revisions\/7328"}],"wp:featuredmedia":[{"embeddable":true,"href":"https:\/\/calinense.com.br\/NOVOSITE\/wp-json\/wp\/v2\/media\/7326"}],"wp:attachment":[{"href":"https:\/\/calinense.com.br\/NOVOSITE\/wp-json\/wp\/v2\/media?parent=7325"}],"wp:term":[{"taxonomy":"category","embeddable":true,"href":"https:\/\/calinense.com.br\/NOVOSITE\/wp-json\/wp\/v2\/categories?post=7325"},{"taxonomy":"post_tag","embeddable":true,"href":"https:\/\/calinense.com.br\/NOVOSITE\/wp-json\/wp\/v2\/tags?post=7325"}],"curies":[{"name":"wp","href":"https:\/\/api.w.org\/{rel}","templated":true}]}}