{"id":7353,"date":"2025-06-21T13:27:13","date_gmt":"2025-06-21T16:27:13","guid":{"rendered":"https:\/\/calinense.com.br\/NOVOSITE\/?p=7353"},"modified":"2025-06-21T13:27:13","modified_gmt":"2025-06-21T16:27:13","slug":"base-sub-15-segue-para-segunda-fase-e-sub-17-fica-no-caminho","status":"publish","type":"post","link":"https:\/\/calinense.com.br\/NOVOSITE\/base-sub-15-segue-para-segunda-fase-e-sub-17-fica-no-caminho\/","title":{"rendered":"Base: Sub-15 segue para segunda fase e sub-17 fica no caminho!"},"content":{"rendered":"<p data-pm-slice=\"1 1 []\">Nesta manha de <span class=\"error-correction\">s\u00e1bado<\/span> a base atleticana esteve em campo no <span class=\"spelling-error spelling-error\" data-suggestions=\"[&quot;Gilberto&quot;,&quot;Gilberta&quot;,&quot;Gilbert \u00e3o&quot;]\" data-explanation=\"Encontrado poss\u00edvel erro de ortografia.\"><span class=\"error-correction\">Gilbert\u00e3o<\/span><\/span> para disputa de vaga para a segunda fase.<\/p>\n<p><strong>SUB-15<\/strong><br \/>\nOs meninos do Linense sub-15, venceram o Ara\u00e7atuba FC pelo placar de 3 a 0, em um jogo que o Linense precisava de uma combina\u00e7\u00e3o de resultados para se classificar, e no final da rodada a classifica\u00e7\u00e3o veio, para a festa da torcida e jogadores <span class=\"error-correction\">atleticanos<\/span>.<\/p>\n<p><strong>SUB-17<\/strong><br \/>\nJ\u00e1 o sub-17, dependia de um empate, mas acabou superado pelo Ara\u00e7atuba pelo placar de 1 a 0 e acabou ficando fora da <span class=\"error-correction\">pr\u00f3xima<\/span> fase.<\/p>\n<p>Agora o Sub-15 <span class=\"error-correction\">agrada \u00e0<\/span> confirma\u00e7\u00e3o da tabela da pr\u00f3xima fase, mas <span class=\"error-correction\">pelo regulamento<\/span> o Linense devera estar no Grupo 15 ao lado de Mirassol, Meia-Noite e do E.C. S\u00e3o Bernardo.<\/p>\n<div class=\"x14z9mp xat24cr x1lziwak x1vvkbs xtlvy1s x126k92a\">\n<div dir=\"auto\">Avante Linense, Avante.<\/div>\n<div dir=\"auto\">Juntos Somos Mais Fortes.<\/div>\n<div dir=\"auto\">Base Forte, Linense Forte!<\/div>\n<div dir=\"auto\"><\/div>\n<div dir=\"auto\"><span class=\"html-span xexx8yu xyri2b x18d9i69 x1c1uobl x1hl2dhg x16tdsg8 x1vvkbs x3nfvp2 x1j61x8r x1fcty0u xdj266r xat24cr xm2jcoa x1mpyi22 xxymvpz xlup9mm x1kky2od\"><img decoding=\"async\" class=\"xz74otr x15mokao x1ga7v0g x16uus16 xbiv7yw\" src=\"https:\/\/static.xx.fbcdn.net\/images\/emoji.php\/v9\/tf3\/1\/16\/1f418.png\" alt=\"\ud83d\udc18\" width=\"16\" height=\"16\" \/><\/span><span class=\"html-span xexx8yu xyri2b x18d9i69 x1c1uobl x1hl2dhg x16tdsg8 x1vvkbs x3nfvp2 x1j61x8r x1fcty0u xdj266r xat24cr xm2jcoa x1mpyi22 xxymvpz xlup9mm x1kky2od\"><img decoding=\"async\" class=\"xz74otr x15mokao x1ga7v0g x16uus16 xbiv7yw\" src=\"https:\/\/static.xx.fbcdn.net\/images\/emoji.php\/v9\/t6e\/1\/16\/1f534.png\" alt=\"\ud83d\udd34\" width=\"16\" height=\"16\" \/><\/span><span class=\"html-span xexx8yu xyri2b x18d9i69 x1c1uobl x1hl2dhg x16tdsg8 x1vvkbs x3nfvp2 x1j61x8r x1fcty0u xdj266r xat24cr xm2jcoa x1mpyi22 xxymvpz xlup9mm x1kky2od\"><img decoding=\"async\" class=\"xz74otr x15mokao x1ga7v0g x16uus16 xbiv7yw\" src=\"https:\/\/static.xx.fbcdn.net\/images\/emoji.php\/v9\/t8d\/1\/16\/26aa.png\" alt=\"\u26aa\" width=\"16\" height=\"16\" \/><\/span><\/div>\n<\/div>\n<div class=\"x14z9mp xat24cr x1lziwak x1vvkbs xtlvy1s x126k92a\">\n<div dir=\"auto\">Foto: Alexandre Vicente(CALinense)\/ @artxsports_<\/div>\n<\/div>\n","protected":false},"excerpt":{"rendered":"<p>Nesta manha de s\u00e1bado a base atleticana esteve em campo no Gilbert\u00e3o para disputa de vaga para a segunda fase. SUB-15 Os meninos do Linense sub-15, venceram o Ara\u00e7atuba FC pelo placar de 3 a 0, em um jogo que o Linense precisava de uma combina\u00e7\u00e3o de resultados para se classificar, e no final da rodada a classifica\u00e7\u00e3o veio, para a festa da torcida e jogadores atleticanos. SUB-17 J\u00e1 o sub-17, dependia de um empate, mas acabou superado pelo Ara\u00e7atuba pelo placar de 1 a 0 e acabou ficando fora da pr\u00f3xima fase. Agora o Sub-15 agrada \u00e0 confirma\u00e7\u00e3o da tabela da pr\u00f3xima fase, mas pelo regulamento o Linense devera estar no Grupo 15 ao lado de Mirassol, Meia-Noite e do E.C. S\u00e3o Bernardo. Avante Linense, Avante. Juntos Somos Mais Fortes. Base Forte, Linense Forte! Foto: Alexandre Vicente(CALinense)\/ @artxsports_<\/p>\n","protected":false},"author":1,"featured_media":7354,"comment_status":"open","ping_status":"open","sticky":false,"template":"","format":"standard","meta":{"footnotes":""},"categories":[54],"tags":[],"class_list":["post-7353","post","type-post","status-publish","format-standard","has-post-thumbnail","hentry","category-base"],"_links":{"self":[{"href":"https:\/\/calinense.com.br\/NOVOSITE\/wp-json\/wp\/v2\/posts\/7353","targetHints":{"allow":["GET"]}}],"collection":[{"href":"https:\/\/calinense.com.br\/NOVOSITE\/wp-json\/wp\/v2\/posts"}],"about":[{"href":"https:\/\/calinense.com.br\/NOVOSITE\/wp-json\/wp\/v2\/types\/post"}],"author":[{"embeddable":true,"href":"https:\/\/calinense.com.br\/NOVOSITE\/wp-json\/wp\/v2\/users\/1"}],"replies":[{"embeddable":true,"href":"https:\/\/calinense.com.br\/NOVOSITE\/wp-json\/wp\/v2\/comments?post=7353"}],"version-history":[{"count":1,"href":"https:\/\/calinense.com.br\/NOVOSITE\/wp-json\/wp\/v2\/posts\/7353\/revisions"}],"predecessor-version":[{"id":7355,"href":"https:\/\/calinense.com.br\/NOVOSITE\/wp-json\/wp\/v2\/posts\/7353\/revisions\/7355"}],"wp:featuredmedia":[{"embeddable":true,"href":"https:\/\/calinense.com.br\/NOVOSITE\/wp-json\/wp\/v2\/media\/7354"}],"wp:attachment":[{"href":"https:\/\/calinense.com.br\/NOVOSITE\/wp-json\/wp\/v2\/media?parent=7353"}],"wp:term":[{"taxonomy":"category","embeddable":true,"href":"https:\/\/calinense.com.br\/NOVOSITE\/wp-json\/wp\/v2\/categories?post=7353"},{"taxonomy":"post_tag","embeddable":true,"href":"https:\/\/calinense.com.br\/NOVOSITE\/wp-json\/wp\/v2\/tags?post=7353"}],"curies":[{"name":"wp","href":"https:\/\/api.w.org\/{rel}","templated":true}]}}