{"id":7356,"date":"2025-06-21T18:54:58","date_gmt":"2025-06-21T21:54:58","guid":{"rendered":"https:\/\/calinense.com.br\/NOVOSITE\/?p=7356"},"modified":"2025-06-21T18:54:58","modified_gmt":"2025-06-21T21:54:58","slug":"wendel-barros-esta-de-volta-ao-linense","status":"publish","type":"post","link":"https:\/\/calinense.com.br\/NOVOSITE\/wendel-barros-esta-de-volta-ao-linense\/","title":{"rendered":"Wendel Barros est\u00e1 de volta ao Linense!"},"content":{"rendered":"<p>Ap\u00f3s disputar a A2 deste ano pelo elefante, o meia-atacante, Wendel Barros de 24 anos, acertou sua ida para o time do (Goi\u00e2nia) para a disputa do Brasileiro D, e agora retorna ao Linense para a disputa da Copa Paulista.<\/p>\n<p>Wendel Barros, chega para refor\u00e7ar o setor ofensivo do Linense, e j\u00e1 treina com o elenco que se prepara para o pr\u00f3ximo jogo do campeonato.<\/p>\n<p>Seja Bem-vindo de volta ao elefante!<\/p>\n","protected":false},"excerpt":{"rendered":"<p>Ap\u00f3s disputar a A2 deste ano pelo elefante, o meia-atacante, Wendel Barros de 24 anos, acertou sua ida para o time do (Goi\u00e2nia) para a disputa do Brasileiro D, e agora retorna ao Linense para a disputa da Copa Paulista. Wendel Barros, chega para refor\u00e7ar o setor ofensivo do Linense, e j\u00e1 treina com o elenco que se prepara para o pr\u00f3ximo jogo do campeonato. Seja Bem-vindo de volta ao elefante!<\/p>\n","protected":false},"author":1,"featured_media":7357,"comment_status":"open","ping_status":"open","sticky":false,"template":"","format":"standard","meta":{"footnotes":""},"categories":[1],"tags":[],"class_list":["post-7356","post","type-post","status-publish","format-standard","has-post-thumbnail","hentry","category-profissional"],"_links":{"self":[{"href":"https:\/\/calinense.com.br\/NOVOSITE\/wp-json\/wp\/v2\/posts\/7356","targetHints":{"allow":["GET"]}}],"collection":[{"href":"https:\/\/calinense.com.br\/NOVOSITE\/wp-json\/wp\/v2\/posts"}],"about":[{"href":"https:\/\/calinense.com.br\/NOVOSITE\/wp-json\/wp\/v2\/types\/post"}],"author":[{"embeddable":true,"href":"https:\/\/calinense.com.br\/NOVOSITE\/wp-json\/wp\/v2\/users\/1"}],"replies":[{"embeddable":true,"href":"https:\/\/calinense.com.br\/NOVOSITE\/wp-json\/wp\/v2\/comments?post=7356"}],"version-history":[{"count":1,"href":"https:\/\/calinense.com.br\/NOVOSITE\/wp-json\/wp\/v2\/posts\/7356\/revisions"}],"predecessor-version":[{"id":7358,"href":"https:\/\/calinense.com.br\/NOVOSITE\/wp-json\/wp\/v2\/posts\/7356\/revisions\/7358"}],"wp:featuredmedia":[{"embeddable":true,"href":"https:\/\/calinense.com.br\/NOVOSITE\/wp-json\/wp\/v2\/media\/7357"}],"wp:attachment":[{"href":"https:\/\/calinense.com.br\/NOVOSITE\/wp-json\/wp\/v2\/media?parent=7356"}],"wp:term":[{"taxonomy":"category","embeddable":true,"href":"https:\/\/calinense.com.br\/NOVOSITE\/wp-json\/wp\/v2\/categories?post=7356"},{"taxonomy":"post_tag","embeddable":true,"href":"https:\/\/calinense.com.br\/NOVOSITE\/wp-json\/wp\/v2\/tags?post=7356"}],"curies":[{"name":"wp","href":"https:\/\/api.w.org\/{rel}","templated":true}]}}