{"id":7462,"date":"2025-06-22T17:39:46","date_gmt":"2025-06-22T20:39:46","guid":{"rendered":"https:\/\/calinense.com.br\/NOVOSITE\/?p=7462"},"modified":"2025-06-22T17:39:46","modified_gmt":"2025-06-22T20:39:46","slug":"base-sub-11-e-sub-12-jogaram-no-gilbertao","status":"publish","type":"post","link":"https:\/\/calinense.com.br\/NOVOSITE\/base-sub-11-e-sub-12-jogaram-no-gilbertao\/","title":{"rendered":"Base: Sub-11 e Sub-12 jogaram no Gilbert\u00e3o!"},"content":{"rendered":"<p>E continuando com os jogos da base neste domingo, neste in\u00edcio de tarde os meninos do Sub-11 e Sub-12 enfrentaram o\u00a0<span class=\"original-content\">VOCEM\u00a0<\/span>de Assis, no Gilbert\u00e3o e conquistaram pontos importantes para a tabela de classifica\u00e7\u00e3o.<\/p>\n<p><strong>SUB-11<\/strong><\/p>\n<p>No primeiro jogo da tarde, o sub-11 empatou por 2 a 2, e na disputa do ponto extra nos p\u00eanaltis venceu os vistantes por 2 a 1.<\/p>\n<p><strong>SUB-12 <\/strong><\/p>\n<p>No segundo jogo da tarde, vitoria atleticana pelo placar de 2 a 1, mas no ponto extra, a vit\u00f3ria acabou ficando com o\u00a0<span class=\"original-content\">VOCEM\u00a0<\/span>pelo placar de 4 a 2.<\/p>\n<p>A categoria volta a campo no pr\u00f3ximo domingo em Tup\u00e3, onde enfrenta a equipe local.<\/p>\n<p>Avante Linense, Avante.<br \/>\nJuntos Somos Mais Fortes.<br \/>\nBase Forte, Linense Forte!<\/p>\n<p>Foto: Alexandre Vicente(<span class=\"original-content\">CALinense<\/span>)\/ @artxsports_<\/p>\n","protected":false},"excerpt":{"rendered":"<p>E continuando com os jogos da base neste domingo, neste in\u00edcio de tarde os meninos do Sub-11 e Sub-12 enfrentaram o\u00a0VOCEM\u00a0de Assis, no Gilbert\u00e3o e conquistaram pontos importantes para a tabela de classifica\u00e7\u00e3o. SUB-11 No primeiro jogo da tarde, o sub-11 empatou por 2 a 2, e na disputa do ponto extra nos p\u00eanaltis venceu os vistantes por 2 a 1. SUB-12 No segundo jogo da tarde, vitoria atleticana pelo placar de 2 a 1, mas no ponto extra, a vit\u00f3ria acabou ficando com o\u00a0VOCEM\u00a0pelo placar de 4 a 2. A categoria volta a campo no pr\u00f3ximo domingo em Tup\u00e3, onde enfrenta a equipe local. Avante Linense, Avante. Juntos Somos Mais Fortes. Base Forte, Linense Forte! Foto: Alexandre Vicente(CALinense)\/ @artxsports_<\/p>\n","protected":false},"author":1,"featured_media":7463,"comment_status":"open","ping_status":"open","sticky":false,"template":"","format":"standard","meta":{"footnotes":""},"categories":[54],"tags":[],"class_list":["post-7462","post","type-post","status-publish","format-standard","has-post-thumbnail","hentry","category-base"],"_links":{"self":[{"href":"https:\/\/calinense.com.br\/NOVOSITE\/wp-json\/wp\/v2\/posts\/7462","targetHints":{"allow":["GET"]}}],"collection":[{"href":"https:\/\/calinense.com.br\/NOVOSITE\/wp-json\/wp\/v2\/posts"}],"about":[{"href":"https:\/\/calinense.com.br\/NOVOSITE\/wp-json\/wp\/v2\/types\/post"}],"author":[{"embeddable":true,"href":"https:\/\/calinense.com.br\/NOVOSITE\/wp-json\/wp\/v2\/users\/1"}],"replies":[{"embeddable":true,"href":"https:\/\/calinense.com.br\/NOVOSITE\/wp-json\/wp\/v2\/comments?post=7462"}],"version-history":[{"count":1,"href":"https:\/\/calinense.com.br\/NOVOSITE\/wp-json\/wp\/v2\/posts\/7462\/revisions"}],"predecessor-version":[{"id":7464,"href":"https:\/\/calinense.com.br\/NOVOSITE\/wp-json\/wp\/v2\/posts\/7462\/revisions\/7464"}],"wp:featuredmedia":[{"embeddable":true,"href":"https:\/\/calinense.com.br\/NOVOSITE\/wp-json\/wp\/v2\/media\/7463"}],"wp:attachment":[{"href":"https:\/\/calinense.com.br\/NOVOSITE\/wp-json\/wp\/v2\/media?parent=7462"}],"wp:term":[{"taxonomy":"category","embeddable":true,"href":"https:\/\/calinense.com.br\/NOVOSITE\/wp-json\/wp\/v2\/categories?post=7462"},{"taxonomy":"post_tag","embeddable":true,"href":"https:\/\/calinense.com.br\/NOVOSITE\/wp-json\/wp\/v2\/tags?post=7462"}],"curies":[{"name":"wp","href":"https:\/\/api.w.org\/{rel}","templated":true}]}}