{"id":7510,"date":"2025-06-29T21:33:47","date_gmt":"2025-06-30T00:33:47","guid":{"rendered":"https:\/\/calinense.com.br\/NOVOSITE\/?p=7510"},"modified":"2025-06-29T21:34:29","modified_gmt":"2025-06-30T00:34:29","slug":"base-linense-vence-tupa-pelo-sub-20","status":"publish","type":"post","link":"https:\/\/calinense.com.br\/NOVOSITE\/base-linense-vence-tupa-pelo-sub-20\/","title":{"rendered":"Base: Linense vence Tup\u00e3 pelo Sub-20"},"content":{"rendered":"<p data-start=\"80\" data-end=\"272\">O Linense conquistou uma importante vit\u00f3ria na tarde deste s\u00e1bado (29), ao bater o Tup\u00e3 por 1 a 0, jogando fora de casa, no Est\u00e1dio Alonso Carvalho Braga, pela sequ\u00eancia do Paulista Sub-20.<\/p>\n<p data-start=\"274\" data-end=\"645\">Com uma atua\u00e7\u00e3o s\u00f3lida e determinada, o Elefante mostrou sua for\u00e7a fora de casa e conseguiu o gol da vit\u00f3ria na segunda etapa, garantindo mais tr\u00eas pontos na tabela. O \u00fanico gol da partida foi marcado por Bor\u00e1, ap\u00f3s boa jogada coletiva que demonstrou a efici\u00eancia t\u00e1tica da equipe comandada por Nivaldo Louren\u00e7o.<\/p>\n<p data-start=\"647\" data-end=\"914\">O resultado refor\u00e7a o bom momento do time de Lins na competi\u00e7\u00e3o e aumenta a confian\u00e7a do grupo na busca pela classifica\u00e7\u00e3o para a pr\u00f3xima fase, j\u00e1 que agora o elefante esta na segunda coloca\u00e7\u00e3o do seu grupo. Al\u00e9m da vit\u00f3ria, o time se destacou novamente pelo sistema defensivo seguro, que manteve o placar zerado para o advers\u00e1rio.<\/p>\n<p data-start=\"916\" data-end=\"1059\" data-is-last-node=\"\" data-is-only-node=\"\">Agora, o Linense volta as aten\u00e7\u00f5es para a pr\u00f3xima rodada, buscando manter a boa sequ\u00eancia e seguir firme na briga pela classifica\u00e7\u00e3o para a segunda fase.<\/p>\n<p data-start=\"916\" data-end=\"1059\" data-is-last-node=\"\" data-is-only-node=\"\">O Linense volta a campo em Lins, quando recebe o Assisense no Gilbert\u00e3o na pr\u00f3xima sexta (04\/07), \u00e0s 15h.<\/p>\n<p data-start=\"916\" data-end=\"1059\" data-is-last-node=\"\" data-is-only-node=\"\">Avante Linense, Avante!<br \/>\nJuntos Somos Mais Fortes.<br \/>\nBase Forte, Linense Forte.<\/p>\n","protected":false},"excerpt":{"rendered":"<p>O Linense conquistou uma importante vit\u00f3ria na tarde deste s\u00e1bado (29), ao bater o Tup\u00e3 por 1 a 0, jogando fora de casa, no Est\u00e1dio Alonso Carvalho Braga, pela sequ\u00eancia do Paulista Sub-20. Com uma atua\u00e7\u00e3o s\u00f3lida e determinada, o Elefante mostrou sua for\u00e7a fora de casa e conseguiu o gol da vit\u00f3ria na segunda etapa, garantindo mais tr\u00eas pontos na tabela. O \u00fanico gol da partida foi marcado por Bor\u00e1, ap\u00f3s boa jogada coletiva que demonstrou a efici\u00eancia t\u00e1tica da equipe comandada por Nivaldo Louren\u00e7o. O resultado refor\u00e7a o bom momento do time de Lins na competi\u00e7\u00e3o e aumenta a confian\u00e7a do grupo na busca pela classifica\u00e7\u00e3o para a pr\u00f3xima fase, j\u00e1 que agora o elefante esta na segunda coloca\u00e7\u00e3o do seu grupo. Al\u00e9m da vit\u00f3ria, o time se destacou novamente pelo sistema defensivo seguro, que manteve o placar zerado para o advers\u00e1rio. Agora, o Linense volta as aten\u00e7\u00f5es para a pr\u00f3xima rodada, buscando manter a boa sequ\u00eancia e seguir firme na briga pela classifica\u00e7\u00e3o para a segunda fase. O Linense volta a campo em Lins, quando recebe o Assisense no Gilbert\u00e3o na pr\u00f3xima sexta (04\/07), \u00e0s 15h. Avante Linense, Avante! Juntos Somos Mais Fortes. Base Forte, Linense Forte.<\/p>\n","protected":false},"author":1,"featured_media":7513,"comment_status":"open","ping_status":"open","sticky":false,"template":"","format":"standard","meta":{"footnotes":""},"categories":[54],"tags":[],"class_list":["post-7510","post","type-post","status-publish","format-standard","has-post-thumbnail","hentry","category-base"],"_links":{"self":[{"href":"https:\/\/calinense.com.br\/NOVOSITE\/wp-json\/wp\/v2\/posts\/7510","targetHints":{"allow":["GET"]}}],"collection":[{"href":"https:\/\/calinense.com.br\/NOVOSITE\/wp-json\/wp\/v2\/posts"}],"about":[{"href":"https:\/\/calinense.com.br\/NOVOSITE\/wp-json\/wp\/v2\/types\/post"}],"author":[{"embeddable":true,"href":"https:\/\/calinense.com.br\/NOVOSITE\/wp-json\/wp\/v2\/users\/1"}],"replies":[{"embeddable":true,"href":"https:\/\/calinense.com.br\/NOVOSITE\/wp-json\/wp\/v2\/comments?post=7510"}],"version-history":[{"count":3,"href":"https:\/\/calinense.com.br\/NOVOSITE\/wp-json\/wp\/v2\/posts\/7510\/revisions"}],"predecessor-version":[{"id":7516,"href":"https:\/\/calinense.com.br\/NOVOSITE\/wp-json\/wp\/v2\/posts\/7510\/revisions\/7516"}],"wp:featuredmedia":[{"embeddable":true,"href":"https:\/\/calinense.com.br\/NOVOSITE\/wp-json\/wp\/v2\/media\/7513"}],"wp:attachment":[{"href":"https:\/\/calinense.com.br\/NOVOSITE\/wp-json\/wp\/v2\/media?parent=7510"}],"wp:term":[{"taxonomy":"category","embeddable":true,"href":"https:\/\/calinense.com.br\/NOVOSITE\/wp-json\/wp\/v2\/categories?post=7510"},{"taxonomy":"post_tag","embeddable":true,"href":"https:\/\/calinense.com.br\/NOVOSITE\/wp-json\/wp\/v2\/tags?post=7510"}],"curies":[{"name":"wp","href":"https:\/\/api.w.org\/{rel}","templated":true}]}}