{"id":7523,"date":"2025-07-04T21:02:39","date_gmt":"2025-07-05T00:02:39","guid":{"rendered":"https:\/\/calinense.com.br\/NOVOSITE\/?p=7523"},"modified":"2025-07-04T21:06:04","modified_gmt":"2025-07-05T00:06:04","slug":"base-linense-e-assisense-empatam-em-1-a-1-pelo-sub-20","status":"publish","type":"post","link":"https:\/\/calinense.com.br\/NOVOSITE\/base-linense-e-assisense-empatam-em-1-a-1-pelo-sub-20\/","title":{"rendered":"Base: Linense e Assisense empatam em 1 a 1 pelo Sub-20"},"content":{"rendered":"<p>Jogando em casa, no Est\u00e1dio Gilberto Siqueira Lopes, o Linense empatou com o Assisense por 1 a 1 em partida v\u00e1lida pelo Campeonato Paulista Sub-20. A equipe comandada pela comiss\u00e3o t\u00e9cnica do Elefante saiu na frente com um belo gol de Ronan ainda no primeiro tempo, mas acabou sofrendo o empate na etapa final.<\/p>\n<p>A partida foi marcada pelo equil\u00edbrio e pelas boas atua\u00e7\u00f5es defensivas de ambos os lados. O Linense buscou o ataque durante boa parte do jogo, pressionando em casa e criando chances claras de ampliar o marcador.<\/p>\n<p>Com o resultado, o Linense soma mais um ponto na competi\u00e7\u00e3o e segue na luta pela classifica\u00e7\u00e3o \u00e0 pr\u00f3xima fase. O time volta a campo na pr\u00f3xima semana com foco total em buscar os tr\u00eas pontos e seguir firme no campeonato.<\/p>\n<p>Avante Linense, Avante!<br \/>\nJuntos Somos Mais Fortes.<br \/>\nBase Forte, Linense Forte.<\/p>\n<p>Foto: Alexandre Vicente(CALinense)\/ @artxsports_<\/p>\n","protected":false},"excerpt":{"rendered":"<p>Jogando em casa, no Est\u00e1dio Gilberto Siqueira Lopes, o Linense empatou com o Assisense por 1 a 1 em partida v\u00e1lida pelo Campeonato Paulista Sub-20. A equipe comandada pela comiss\u00e3o t\u00e9cnica do Elefante saiu na frente com um belo gol de Ronan ainda no primeiro tempo, mas acabou sofrendo o empate na etapa final. A partida foi marcada pelo equil\u00edbrio e pelas boas atua\u00e7\u00f5es defensivas de ambos os lados. O Linense buscou o ataque durante boa parte do jogo, pressionando em casa e criando chances claras de ampliar o marcador. Com o resultado, o Linense soma mais um ponto na competi\u00e7\u00e3o e segue na luta pela classifica\u00e7\u00e3o \u00e0 pr\u00f3xima fase. O time volta a campo na pr\u00f3xima semana com foco total em buscar os tr\u00eas pontos e seguir firme no campeonato. Avante Linense, Avante! Juntos Somos Mais Fortes. Base Forte, Linense Forte. Foto: Alexandre Vicente(CALinense)\/ @artxsports_<\/p>\n","protected":false},"author":1,"featured_media":7524,"comment_status":"open","ping_status":"open","sticky":false,"template":"","format":"standard","meta":{"footnotes":""},"categories":[54],"tags":[],"class_list":["post-7523","post","type-post","status-publish","format-standard","has-post-thumbnail","hentry","category-base"],"_links":{"self":[{"href":"https:\/\/calinense.com.br\/NOVOSITE\/wp-json\/wp\/v2\/posts\/7523","targetHints":{"allow":["GET"]}}],"collection":[{"href":"https:\/\/calinense.com.br\/NOVOSITE\/wp-json\/wp\/v2\/posts"}],"about":[{"href":"https:\/\/calinense.com.br\/NOVOSITE\/wp-json\/wp\/v2\/types\/post"}],"author":[{"embeddable":true,"href":"https:\/\/calinense.com.br\/NOVOSITE\/wp-json\/wp\/v2\/users\/1"}],"replies":[{"embeddable":true,"href":"https:\/\/calinense.com.br\/NOVOSITE\/wp-json\/wp\/v2\/comments?post=7523"}],"version-history":[{"count":2,"href":"https:\/\/calinense.com.br\/NOVOSITE\/wp-json\/wp\/v2\/posts\/7523\/revisions"}],"predecessor-version":[{"id":7526,"href":"https:\/\/calinense.com.br\/NOVOSITE\/wp-json\/wp\/v2\/posts\/7523\/revisions\/7526"}],"wp:featuredmedia":[{"embeddable":true,"href":"https:\/\/calinense.com.br\/NOVOSITE\/wp-json\/wp\/v2\/media\/7524"}],"wp:attachment":[{"href":"https:\/\/calinense.com.br\/NOVOSITE\/wp-json\/wp\/v2\/media?parent=7523"}],"wp:term":[{"taxonomy":"category","embeddable":true,"href":"https:\/\/calinense.com.br\/NOVOSITE\/wp-json\/wp\/v2\/categories?post=7523"},{"taxonomy":"post_tag","embeddable":true,"href":"https:\/\/calinense.com.br\/NOVOSITE\/wp-json\/wp\/v2\/tags?post=7523"}],"curies":[{"name":"wp","href":"https:\/\/api.w.org\/{rel}","templated":true}]}}