{"id":7530,"date":"2025-07-06T12:33:53","date_gmt":"2025-07-06T15:33:53","guid":{"rendered":"https:\/\/calinense.com.br\/NOVOSITE\/?p=7530"},"modified":"2025-07-06T12:33:53","modified_gmt":"2025-07-06T15:33:53","slug":"em-bauru-linense-e-derrotado-pelo-noroeste","status":"publish","type":"post","link":"https:\/\/calinense.com.br\/NOVOSITE\/em-bauru-linense-e-derrotado-pelo-noroeste\/","title":{"rendered":"Em Bauru Linense \u00e9 derrotado pelo Noroeste."},"content":{"rendered":"<p>Na fria noite de s\u00e1bado, 5 de julho, o elefante lutou, jogou bem, mas acabou derrotado em Bauru para o Noroeste por 1 a 0.<\/p>\n<p>O Linense, fez um bom primeiro tempo, com v\u00e1rias chances de gols,\u00a0n\u00e3o conclu\u00edda, voltou para a segunda etapa da mesma forma, mas a bola teimou em n\u00e3o entrar. O \u00fanico gol da partida saiu aos 30 minutos do segundo tempo, marcado por Isael, que invadiu a \u00e1rea e finalizou de perna esquerda ap\u00f3s passe de Diego Maia.<\/p>\n<p>At\u00e9 ent\u00e3o, ambas as equipes chegavam empatadas com apenas 1 ponto, mas a vit\u00f3ria colocou o Noroeste em quarto lugar, enquanto o Linense caiu para quinto no Grupo 1.<br \/>\nO Linense volta a campo s\u00e1bado, 12 de julho, \u00e0s 18h no Gilbert\u00e3o para enfrentar o Gr\u00eamio Prudente.<\/p>\n<p>Avante Linense Avante<br \/>\nJuntos Somos Mais Fortes<\/p>\n<p>Foto: Bruno Freitas\/Noroeste SAF<\/p>\n","protected":false},"excerpt":{"rendered":"<p>Na fria noite de s\u00e1bado, 5 de julho, o elefante lutou, jogou bem, mas acabou derrotado em Bauru para o Noroeste por 1 a 0. O Linense, fez um bom primeiro tempo, com v\u00e1rias chances de gols,\u00a0n\u00e3o conclu\u00edda, voltou para a segunda etapa da mesma forma, mas a bola teimou em n\u00e3o entrar. O \u00fanico gol da partida saiu aos 30 minutos do segundo tempo, marcado por Isael, que invadiu a \u00e1rea e finalizou de perna esquerda ap\u00f3s passe de Diego Maia. At\u00e9 ent\u00e3o, ambas as equipes chegavam empatadas com apenas 1 ponto, mas a vit\u00f3ria colocou o Noroeste em quarto lugar, enquanto o Linense caiu para quinto no Grupo 1. O Linense volta a campo s\u00e1bado, 12 de julho, \u00e0s 18h no Gilbert\u00e3o para enfrentar o Gr\u00eamio Prudente. Avante Linense Avante Juntos Somos Mais Fortes Foto: Bruno Freitas\/Noroeste SAF<\/p>\n","protected":false},"author":1,"featured_media":7531,"comment_status":"open","ping_status":"open","sticky":false,"template":"","format":"standard","meta":{"footnotes":""},"categories":[1],"tags":[],"class_list":["post-7530","post","type-post","status-publish","format-standard","has-post-thumbnail","hentry","category-profissional"],"_links":{"self":[{"href":"https:\/\/calinense.com.br\/NOVOSITE\/wp-json\/wp\/v2\/posts\/7530","targetHints":{"allow":["GET"]}}],"collection":[{"href":"https:\/\/calinense.com.br\/NOVOSITE\/wp-json\/wp\/v2\/posts"}],"about":[{"href":"https:\/\/calinense.com.br\/NOVOSITE\/wp-json\/wp\/v2\/types\/post"}],"author":[{"embeddable":true,"href":"https:\/\/calinense.com.br\/NOVOSITE\/wp-json\/wp\/v2\/users\/1"}],"replies":[{"embeddable":true,"href":"https:\/\/calinense.com.br\/NOVOSITE\/wp-json\/wp\/v2\/comments?post=7530"}],"version-history":[{"count":1,"href":"https:\/\/calinense.com.br\/NOVOSITE\/wp-json\/wp\/v2\/posts\/7530\/revisions"}],"predecessor-version":[{"id":7532,"href":"https:\/\/calinense.com.br\/NOVOSITE\/wp-json\/wp\/v2\/posts\/7530\/revisions\/7532"}],"wp:featuredmedia":[{"embeddable":true,"href":"https:\/\/calinense.com.br\/NOVOSITE\/wp-json\/wp\/v2\/media\/7531"}],"wp:attachment":[{"href":"https:\/\/calinense.com.br\/NOVOSITE\/wp-json\/wp\/v2\/media?parent=7530"}],"wp:term":[{"taxonomy":"category","embeddable":true,"href":"https:\/\/calinense.com.br\/NOVOSITE\/wp-json\/wp\/v2\/categories?post=7530"},{"taxonomy":"post_tag","embeddable":true,"href":"https:\/\/calinense.com.br\/NOVOSITE\/wp-json\/wp\/v2\/tags?post=7530"}],"curies":[{"name":"wp","href":"https:\/\/api.w.org\/{rel}","templated":true}]}}