{"id":8674,"date":"2026-04-28T18:10:04","date_gmt":"2026-04-28T21:10:04","guid":{"rendered":"https:\/\/calinense.com.br\/NOVOSITE\/?p=8674"},"modified":"2026-04-28T18:18:06","modified_gmt":"2026-04-28T21:18:06","slug":"linense-anuncia-mudanca-na-presidencia-do-clube","status":"publish","type":"post","link":"https:\/\/calinense.com.br\/NOVOSITE\/linense-anuncia-mudanca-na-presidencia-do-clube\/","title":{"rendered":"Linense anuncia mudan\u00e7a na presid\u00eancia do clube"},"content":{"rendered":"<p class=\"isselectedend\">O Clube Atl\u00e9tico Linense informa a mudan\u00e7a na presid\u00eancia do clube. Ap\u00f3s um per\u00edodo de dedica\u00e7\u00e3o e trabalho \u00e0 frente da presid\u00eancia, Marco Aur\u00e9lio, que esta de mudan\u00e7a par Portugal encerra seu ciclo no comando do clube, deixando sua contribui\u00e7\u00e3o marcada na trajet\u00f3ria do Elefante.<\/p>\n<p class=\"isselectedend\">Assume a presid\u00eancia Samuel Vaz, que chega com a miss\u00e3o de dar continuidade ao desenvolvimento do Linense, trazendo novas ideias, energia e compromisso com o crescimento dentro e fora de campo.<\/p>\n<p class=\"isselectedend\">O Linense segue firme em seus objetivos, com a certeza de que a uni\u00e3o e o trabalho ser\u00e3o fundamentais para os pr\u00f3ximos desafios.<\/p>\n<p class=\"isselectedend\">Juntos Somos Mais Fortes<br \/>\nAvante Linense Avante<\/p>\n<p>Foto: Emerson Secco<\/p>\n","protected":false},"excerpt":{"rendered":"<p>O Clube Atl\u00e9tico Linense informa a mudan\u00e7a na presid\u00eancia do clube. Ap\u00f3s um per\u00edodo de dedica\u00e7\u00e3o e trabalho \u00e0 frente da presid\u00eancia, Marco Aur\u00e9lio, que esta de mudan\u00e7a par Portugal encerra seu ciclo no comando do clube, deixando sua contribui\u00e7\u00e3o marcada na trajet\u00f3ria do Elefante. Assume a presid\u00eancia Samuel Vaz, que chega com a miss\u00e3o de dar continuidade ao desenvolvimento do Linense, trazendo novas ideias, energia e compromisso com o crescimento dentro e fora de campo. O Linense segue firme em seus objetivos, com a certeza de que a uni\u00e3o e o trabalho ser\u00e3o fundamentais para os pr\u00f3ximos desafios. Juntos Somos Mais Fortes Avante Linense Avante Foto: Emerson Secco<\/p>\n","protected":false},"author":1,"featured_media":8676,"comment_status":"open","ping_status":"open","sticky":false,"template":"","format":"standard","meta":{"footnotes":""},"categories":[1],"tags":[],"class_list":["post-8674","post","type-post","status-publish","format-standard","has-post-thumbnail","hentry","category-profissional"],"_links":{"self":[{"href":"https:\/\/calinense.com.br\/NOVOSITE\/wp-json\/wp\/v2\/posts\/8674","targetHints":{"allow":["GET"]}}],"collection":[{"href":"https:\/\/calinense.com.br\/NOVOSITE\/wp-json\/wp\/v2\/posts"}],"about":[{"href":"https:\/\/calinense.com.br\/NOVOSITE\/wp-json\/wp\/v2\/types\/post"}],"author":[{"embeddable":true,"href":"https:\/\/calinense.com.br\/NOVOSITE\/wp-json\/wp\/v2\/users\/1"}],"replies":[{"embeddable":true,"href":"https:\/\/calinense.com.br\/NOVOSITE\/wp-json\/wp\/v2\/comments?post=8674"}],"version-history":[{"count":2,"href":"https:\/\/calinense.com.br\/NOVOSITE\/wp-json\/wp\/v2\/posts\/8674\/revisions"}],"predecessor-version":[{"id":8681,"href":"https:\/\/calinense.com.br\/NOVOSITE\/wp-json\/wp\/v2\/posts\/8674\/revisions\/8681"}],"wp:featuredmedia":[{"embeddable":true,"href":"https:\/\/calinense.com.br\/NOVOSITE\/wp-json\/wp\/v2\/media\/8676"}],"wp:attachment":[{"href":"https:\/\/calinense.com.br\/NOVOSITE\/wp-json\/wp\/v2\/media?parent=8674"}],"wp:term":[{"taxonomy":"category","embeddable":true,"href":"https:\/\/calinense.com.br\/NOVOSITE\/wp-json\/wp\/v2\/categories?post=8674"},{"taxonomy":"post_tag","embeddable":true,"href":"https:\/\/calinense.com.br\/NOVOSITE\/wp-json\/wp\/v2\/tags?post=8674"}],"curies":[{"name":"wp","href":"https:\/\/api.w.org\/{rel}","templated":true}]}}